{"id":4288,"date":"2025-03-12T12:03:40","date_gmt":"2025-03-12T11:03:40","guid":{"rendered":"https:\/\/www.viamedsalud.com\/universomama\/?p=4288"},"modified":"2025-03-19T17:56:37","modified_gmt":"2025-03-19T16:56:37","slug":"depresion-posparto","status":"publish","type":"post","link":"https:\/\/www.viamedsalud.com\/universomama\/dar-a-luz\/posparto\/depresion-posparto\/","title":{"rendered":"Depresi\u00f3n posparto"},"content":{"rendered":"\n<p>La llegada de un beb\u00e9 es un momento lleno de emociones, pero tambi\u00e9n puede ser un desaf\u00edo f\u00edsico y emocional. Para algunas madres, este periodo trae consigo sentimientos intensos de tristeza, ansiedad y agotamiento que van m\u00e1s all\u00e1 de lo que se considera normal. Esto se conoce como <strong>depresi\u00f3n postparto<\/strong>, una condici\u00f3n que afecta a muchas mujeres despu\u00e9s de dar a luz.<\/p>\n\n\n\n<h2 class=\"wp-block-heading\"><strong>\u00bfQu\u00e9 es la depresi\u00f3n postparto?<\/strong><\/h2>\n\n\n\n<p>La depresi\u00f3n postparto es un trastorno del estado de \u00e1nimo que afecta a las madres tras el nacimiento de su beb\u00e9. A diferencia del &#8220;baby blues&#8221;, que son episodios breves de tristeza o irritabilidad en los primeros d\u00edas despu\u00e9s del parto, la depresi\u00f3n postparto es m\u00e1s intensa y duradera.<\/p>\n\n\n\n<h2 class=\"wp-block-heading\"><strong>Diferencias entre baby blues y depresi\u00f3n postparto:<\/strong><\/h2>\n\n\n\n<figure class=\"wp-block-table\"><table class=\"has-fixed-layout\"><tbody><tr><td class=\"has-text-align-center\" data-align=\"center\"><strong>Baby blues<\/strong><\/td><td class=\"has-text-align-center\" data-align=\"center\"><strong>Depresi\u00f3n postparto<\/strong><\/td><\/tr><tr><td class=\"has-text-align-center\" data-align=\"center\">Comienza en los primeros d\u00edas tras el parto.<\/td><td class=\"has-text-align-center\" data-align=\"center\">Puede aparecer semanas o meses despu\u00e9s.<\/td><\/tr><tr><td class=\"has-text-align-center\" data-align=\"center\">S\u00edntomas leves como llanto y cambios de humor.<\/td><td class=\"has-text-align-center\" data-align=\"center\">S\u00edntomas graves como tristeza persistente y p\u00e9rdida de inter\u00e9s.<\/td><\/tr><tr><td class=\"has-text-align-center\" data-align=\"center\">Suele desaparecer en dos semanas.<\/td><td class=\"has-text-align-center\" data-align=\"center\">Requiere tratamiento m\u00e9dico.<\/td><\/tr><\/tbody><\/table><\/figure>\n\n\n\n<h2 class=\"wp-block-heading\"><strong>S\u00edntomas de la depresi\u00f3n postparto<\/strong><\/h2>\n\n\n\n<p>Los s\u00edntomas pueden variar en cada mujer, pero suelen incluir:<\/p>\n\n\n\n<ul class=\"wp-block-list\">\n<li>Sentimientos persistentes de tristeza, vac\u00edo o desesperanza.<\/li>\n\n\n\n<li>Cansancio extremo o falta de energ\u00eda, m\u00e1s all\u00e1 de lo normal tras el parto.<\/li>\n\n\n\n<li>Irritabilidad o enojo sin motivo aparente.<\/li>\n\n\n\n<li>Dificultad para vincularse con el beb\u00e9 o sentirte desconectada emocionalmente.<\/li>\n\n\n\n<li>Problemas para dormir, incluso cuando el beb\u00e9 est\u00e1 descansando.<\/li>\n\n\n\n<li>P\u00e9rdida de inter\u00e9s en actividades que antes disfrutabas.<\/li>\n\n\n\n<li>Dificultad para concentrarte o tomar decisiones.<\/li>\n\n\n\n<li>Pensamientos recurrentes de autolesi\u00f3n o de hacer da\u00f1o al beb\u00e9 (en casos graves).<\/li>\n<\/ul>\n\n\n\n<p>Si sientes alguno de estos s\u00edntomas durante m\u00e1s de dos semanas, es importante buscar ayuda m\u00e9dica.<\/p>\n\n\n\n<h2 class=\"wp-block-heading\"><strong>&nbsp;\u00bfPor qu\u00e9 ocurre la depresi\u00f3n postparto?<\/strong><\/h2>\n\n\n\n<p>La depresi\u00f3n postparto no tiene una causa \u00fanica, sino que es el resultado de una combinaci\u00f3n de factores:<\/p>\n\n\n\n<p class=\"has-medium-font-size\"><strong>Cambios hormonales:<\/strong><\/p>\n\n\n\n<ul class=\"wp-block-list\">\n<li>Despu\u00e9s del parto, los niveles de estr\u00f3geno y progesterona disminuyen dr\u00e1sticamente, lo que puede afectar el estado de \u00e1nimo.<\/li>\n<\/ul>\n\n\n\n<p class=\"has-medium-font-size\"><strong>Fatiga f\u00edsica:<\/strong><\/p>\n\n\n\n<ul class=\"wp-block-list\">\n<li>El proceso del parto y el cuidado constante del beb\u00e9 pueden dejarte agotada, lo que agrava la sensaci\u00f3n de malestar.<\/li>\n<\/ul>\n\n\n\n<p class=\"has-medium-font-size\"><strong>Factores emocionales:<\/strong><\/p>\n\n\n\n<ul class=\"wp-block-list\">\n<li>Sentimientos de inseguridad sobre c\u00f3mo cuidar al beb\u00e9.<\/li>\n\n\n\n<li>Cambios en la din\u00e1mica familiar.<\/li>\n\n\n\n<li>Falta de apoyo emocional o f\u00edsico.<\/li>\n<\/ul>\n\n\n\n<p class=\"has-medium-font-size\"><strong>Historial de salud mental:<\/strong><\/p>\n\n\n\n<ul class=\"wp-block-list\">\n<li>Mujeres con antecedentes de ansiedad, depresi\u00f3n o depresi\u00f3n postparto en embarazos anteriores tienen mayor riesgo.<\/li>\n<\/ul>\n\n\n\n<h2 class=\"wp-block-heading\"><strong>&nbsp;\u00bfC\u00f3mo se diagnostica la depresi\u00f3n postparto?<\/strong><\/h2>\n\n\n\n<p>El diagn\u00f3stico se basa en una evaluaci\u00f3n m\u00e9dica y psicol\u00f3gica. Durante las visitas postnatales, el m\u00e9dico puede realizar preguntas sobre tus emociones, h\u00e1bitos de sue\u00f1o y nivel de energ\u00eda. Es importante ser honesta y abierta al responder para recibir el apoyo adecuado.<\/p>\n\n\n\n<h2 class=\"wp-block-heading\"><strong>Tratamiento de la depresi\u00f3n postparto<\/strong><\/h2>\n\n\n\n<p>La depresi\u00f3n postparto es una condici\u00f3n tratable. El tratamiento puede incluir:<\/p>\n\n\n\n<p class=\"has-medium-font-size\"><strong>Terapia psicol\u00f3gica:<\/strong><\/p>\n\n\n\n<ul class=\"wp-block-list\">\n<li><strong>Terapia cognitivo-conductual (TCC):<\/strong> Ayuda a identificar y cambiar patrones de pensamiento negativos.<\/li>\n\n\n\n<li><strong>Terapia interpersonal:<\/strong> Enfocada en mejorar las relaciones y el apoyo social.<\/li>\n<\/ul>\n\n\n\n<p class=\"has-medium-font-size\"><strong>Medicaci\u00f3n:<\/strong><\/p>\n\n\n\n<p>En algunos casos, los m\u00e9dicos pueden recetar antidepresivos. Es fundamental discutir con tu m\u00e9dico si est\u00e1s amamantando para elegir una opci\u00f3n segura.<\/p>\n\n\n\n<p class=\"has-medium-font-size\"><strong>Apoyo emocional:<\/strong><\/p>\n\n\n\n<ul class=\"wp-block-list\">\n<li>Hablar con tu pareja, familiares o amigos puede aliviar la carga emocional.<\/li>\n\n\n\n<li>Grupos de apoyo para madres que atraviesan experiencias similares.<\/li>\n<\/ul>\n\n\n\n<p class=\"has-medium-font-size\"><strong>Cambios en el estilo de vida:<\/strong><\/p>\n\n\n\n<ul class=\"wp-block-list\">\n<li>Descansar siempre que sea posible.<\/li>\n\n\n\n<li>Comer de forma equilibrada y mantenerte activa con actividades suaves, como caminar.<\/li>\n\n\n\n<li>Dedicar tiempo a ti misma, incluso si es solo unos minutos al d\u00eda.<\/li>\n<\/ul>\n\n\n\n<h2 class=\"wp-block-heading\"><strong>&nbsp;\u00bfC\u00f3mo prevenir o reducir el riesgo de depresi\u00f3n postparto?<\/strong><\/h2>\n\n\n\n<p>Aunque no siempre es posible prevenirla, hay formas de reducir el riesgo:<\/p>\n\n\n\n<ul class=\"wp-block-list\">\n<li><strong>Prepara un plan de apoyo:<\/strong> Habla con tu pareja o familia sobre c\u00f3mo distribuir las responsabilidades.<\/li>\n\n\n\n<li><strong>Participa en clases prenatales:<\/strong> Entender lo que puedes esperar despu\u00e9s del parto reduce la incertidumbre.<\/li>\n\n\n\n<li><strong>Prioriza tu descanso:<\/strong> Intenta dormir cuando el beb\u00e9 lo haga.<\/li>\n\n\n\n<li><strong>Habla de tus emociones:<\/strong> Expresar lo que sientes ayuda a aliviar la carga emocional.<\/li>\n<\/ul>\n\n\n\n<h2 class=\"wp-block-heading\"><strong>&nbsp;\u00bfQu\u00e9 hacer si crees que tienes depresi\u00f3n postparto?<\/strong><\/h2>\n\n\n\n<p>Si crees que puedes estar experimentando depresi\u00f3n postparto, recuerda que no est\u00e1s sola y que hay ayuda disponible.<\/p>\n\n\n\n<ul start=\"1\" class=\"wp-block-list\">\n<li>Habla con tu m\u00e9dico, matrona o pediatra sobre tus s\u00edntomas.<\/li>\n\n\n\n<li>No te culpes por sentirte as\u00ed; la depresi\u00f3n postparto es una condici\u00f3n m\u00e9dica, no una debilidad personal.<\/li>\n\n\n\n<li>Busca apoyo en tu red cercana y considera unirte a grupos de madres que comparten experiencias similares.<\/li>\n<\/ul>\n\n\n\n<p>La depresi\u00f3n postparto es una condici\u00f3n com\u00fan que afecta a muchas madres despu\u00e9s de dar a luz. Reconocer los s\u00edntomas y buscar ayuda temprana es clave para superar esta etapa y recuperar tu bienestar. <strong>No est\u00e1s sola: hay profesionales, recursos y seres queridos dispuestos a apoyarte en este camino.<\/strong><\/p>\n\n\n\n<p><strong>\u00bfSientes que podr\u00edas estar atravesando depresi\u00f3n postparto?<\/strong> Cont\u00e1ctanos y recibe orientaci\u00f3n personalizada para superar este momento con el apoyo que necesitas.<\/p>\n\n\n\n<p><\/p>\n","protected":false},"excerpt":{"rendered":"<p>La llegada de un beb\u00e9 es un momento lleno de emociones, pero tambi\u00e9n puede ser un desaf\u00edo f\u00edsico y emocional. Para algunas madres, este periodo trae consigo sentimientos intensos de tristeza, ansiedad y agotamiento que van m\u00e1s all\u00e1 de lo que se considera normal. Esto se conoce como depresi\u00f3n postparto, una condici\u00f3n que afecta a [&hellip;]<\/p>\n","protected":false},"author":1,"featured_media":4290,"comment_status":"open","ping_status":"open","sticky":false,"template":"","format":"standard","meta":{"_acf_changed":false,"footnotes":""},"categories":[29,33,35,8],"tags":[],"class_list":["post-4288","post","type-post","status-publish","format-standard","has-post-thumbnail","hentry","category-cuidados-para-la-madre","category-dar-a-luz","category-posparto","category-recien-nacido"],"acf":[],"yoast_head":"<!-- This site is optimized with the Yoast SEO plugin v25.2 - https:\/\/yoast.com\/wordpress\/plugins\/seo\/ -->\n<title>Depresi\u00f3n posparto - Universo Mama<\/title>\n<meta name=\"robots\" content=\"index, follow, max-snippet:-1, max-image-preview:large, max-video-preview:-1\" \/>\n<link rel=\"canonical\" href=\"https:\/\/www.viamedsalud.com\/universomama\/dar-a-luz\/posparto\/depresion-posparto\/\" \/>\n<meta property=\"og:locale\" content=\"es_ES\" \/>\n<meta property=\"og:type\" content=\"article\" \/>\n<meta property=\"og:title\" content=\"Depresi\u00f3n posparto - Universo Mama\" \/>\n<meta property=\"og:description\" content=\"La llegada de un beb\u00e9 es un momento lleno de emociones, pero tambi\u00e9n puede ser un desaf\u00edo f\u00edsico y emocional. Para algunas madres, este periodo trae consigo sentimientos intensos de tristeza, ansiedad y agotamiento que van m\u00e1s all\u00e1 de lo que se considera normal. Esto se conoce como depresi\u00f3n postparto, una condici\u00f3n que afecta a [&hellip;]\" \/>\n<meta property=\"og:url\" content=\"https:\/\/www.viamedsalud.com\/universomama\/dar-a-luz\/posparto\/depresion-posparto\/\" \/>\n<meta property=\"og:site_name\" content=\"Universo Mama\" \/>\n<meta property=\"article:publisher\" content=\"https:\/\/www.facebook.com\/ViamedSantaAngelaCruz\/\" \/>\n<meta property=\"article:published_time\" content=\"2025-03-12T11:03:40+00:00\" \/>\n<meta property=\"article:modified_time\" content=\"2025-03-19T16:56:37+00:00\" \/>\n<meta property=\"og:image\" content=\"https:\/\/www.viamedsalud.com\/universomama\/wp-content\/uploads\/2025\/03\/depresion-posparto.jpg\" \/>\n\t<meta property=\"og:image:width\" content=\"2121\" \/>\n\t<meta property=\"og:image:height\" content=\"1414\" \/>\n\t<meta property=\"og:image:type\" content=\"image\/jpeg\" \/>\n<meta name=\"author\" content=\"viadmin\" \/>\n<meta name=\"twitter:card\" content=\"summary_large_image\" \/>\n<meta name=\"twitter:label1\" content=\"Escrito por\" \/>\n\t<meta name=\"twitter:data1\" content=\"viadmin\" \/>\n\t<meta name=\"twitter:label2\" content=\"Tiempo de lectura\" \/>\n\t<meta name=\"twitter:data2\" content=\"4 minutos\" \/>\n<script type=\"application\/ld+json\" class=\"yoast-schema-graph\">{\"@context\":\"https:\/\/schema.org\",\"@graph\":[{\"@type\":\"Article\",\"@id\":\"https:\/\/www.viamedsalud.com\/universomama\/dar-a-luz\/posparto\/depresion-posparto\/#article\",\"isPartOf\":{\"@id\":\"https:\/\/www.viamedsalud.com\/universomama\/dar-a-luz\/posparto\/depresion-posparto\/\"},\"author\":{\"name\":\"viadmin\",\"@id\":\"https:\/\/www.viamedsalud.com\/universomama\/#\/schema\/person\/a21297049d4f0580db9576332e2bf809\"},\"headline\":\"Depresi\u00f3n posparto\",\"datePublished\":\"2025-03-12T11:03:40+00:00\",\"dateModified\":\"2025-03-19T16:56:37+00:00\",\"mainEntityOfPage\":{\"@id\":\"https:\/\/www.viamedsalud.com\/universomama\/dar-a-luz\/posparto\/depresion-posparto\/\"},\"wordCount\":861,\"commentCount\":0,\"publisher\":{\"@id\":\"https:\/\/www.viamedsalud.com\/universomama\/#organization\"},\"image\":{\"@id\":\"https:\/\/www.viamedsalud.com\/universomama\/dar-a-luz\/posparto\/depresion-posparto\/#primaryimage\"},\"thumbnailUrl\":\"https:\/\/www.viamedsalud.com\/universomama\/wp-content\/uploads\/2025\/03\/depresion-posparto.jpg\",\"articleSection\":[\"Cuidados de la mam\u00e1\",\"Dar a luz\",\"Posparto\",\"Reci\u00e9n nacido\"],\"inLanguage\":\"es\",\"potentialAction\":[{\"@type\":\"CommentAction\",\"name\":\"Comment\",\"target\":[\"https:\/\/www.viamedsalud.com\/universomama\/dar-a-luz\/posparto\/depresion-posparto\/#respond\"]}]},{\"@type\":\"WebPage\",\"@id\":\"https:\/\/www.viamedsalud.com\/universomama\/dar-a-luz\/posparto\/depresion-posparto\/\",\"url\":\"https:\/\/www.viamedsalud.com\/universomama\/dar-a-luz\/posparto\/depresion-posparto\/\",\"name\":\"Depresi\u00f3n posparto - Universo Mama\",\"isPartOf\":{\"@id\":\"https:\/\/www.viamedsalud.com\/universomama\/#website\"},\"primaryImageOfPage\":{\"@id\":\"https:\/\/www.viamedsalud.com\/universomama\/dar-a-luz\/posparto\/depresion-posparto\/#primaryimage\"},\"image\":{\"@id\":\"https:\/\/www.viamedsalud.com\/universomama\/dar-a-luz\/posparto\/depresion-posparto\/#primaryimage\"},\"thumbnailUrl\":\"https:\/\/www.viamedsalud.com\/universomama\/wp-content\/uploads\/2025\/03\/depresion-posparto.jpg\",\"datePublished\":\"2025-03-12T11:03:40+00:00\",\"dateModified\":\"2025-03-19T16:56:37+00:00\",\"breadcrumb\":{\"@id\":\"https:\/\/www.viamedsalud.com\/universomama\/dar-a-luz\/posparto\/depresion-posparto\/#breadcrumb\"},\"inLanguage\":\"es\",\"potentialAction\":[{\"@type\":\"ReadAction\",\"target\":[\"https:\/\/www.viamedsalud.com\/universomama\/dar-a-luz\/posparto\/depresion-posparto\/\"]}]},{\"@type\":\"ImageObject\",\"inLanguage\":\"es\",\"@id\":\"https:\/\/www.viamedsalud.com\/universomama\/dar-a-luz\/posparto\/depresion-posparto\/#primaryimage\",\"url\":\"https:\/\/www.viamedsalud.com\/universomama\/wp-content\/uploads\/2025\/03\/depresion-posparto.jpg\",\"contentUrl\":\"https:\/\/www.viamedsalud.com\/universomama\/wp-content\/uploads\/2025\/03\/depresion-posparto.jpg\",\"width\":2121,\"height\":1414},{\"@type\":\"BreadcrumbList\",\"@id\":\"https:\/\/www.viamedsalud.com\/universomama\/dar-a-luz\/posparto\/depresion-posparto\/#breadcrumb\",\"itemListElement\":[{\"@type\":\"ListItem\",\"position\":1,\"name\":\"Inicio\",\"item\":\"https:\/\/www.viamedsalud.com\/universomama\/\"},{\"@type\":\"ListItem\",\"position\":2,\"name\":\"Dar a luz\",\"item\":\"https:\/\/www.viamedsalud.com\/universomama\/category\/dar-a-luz\/\"},{\"@type\":\"ListItem\",\"position\":3,\"name\":\"Posparto\",\"item\":\"https:\/\/www.viamedsalud.com\/universomama\/category\/dar-a-luz\/posparto\/\"},{\"@type\":\"ListItem\",\"position\":4,\"name\":\"Depresi\u00f3n posparto\"}]},{\"@type\":\"WebSite\",\"@id\":\"https:\/\/www.viamedsalud.com\/universomama\/#website\",\"url\":\"https:\/\/www.viamedsalud.com\/universomama\/\",\"name\":\"Universo Mama Viamed\",\"description\":\"\",\"publisher\":{\"@id\":\"https:\/\/www.viamedsalud.com\/universomama\/#organization\"},\"potentialAction\":[{\"@type\":\"SearchAction\",\"target\":{\"@type\":\"EntryPoint\",\"urlTemplate\":\"https:\/\/www.viamedsalud.com\/universomama\/?s={search_term_string}\"},\"query-input\":{\"@type\":\"PropertyValueSpecification\",\"valueRequired\":true,\"valueName\":\"search_term_string\"}}],\"inLanguage\":\"es\"},{\"@type\":\"Organization\",\"@id\":\"https:\/\/www.viamedsalud.com\/universomama\/#organization\",\"name\":\"Universo Mama Viamed Salud\",\"url\":\"https:\/\/www.viamedsalud.com\/universomama\/\",\"logo\":{\"@type\":\"ImageObject\",\"inLanguage\":\"es\",\"@id\":\"https:\/\/www.viamedsalud.com\/universomama\/#\/schema\/logo\/image\/\",\"url\":\"https:\/\/www.viamedsalud.com\/universomama\/wp-content\/uploads\/2024\/07\/cropped-logo-blanco.png\",\"contentUrl\":\"https:\/\/www.viamedsalud.com\/universomama\/wp-content\/uploads\/2024\/07\/cropped-logo-blanco.png\",\"width\":437,\"height\":228,\"caption\":\"Universo Mama Viamed Salud\"},\"image\":{\"@id\":\"https:\/\/www.viamedsalud.com\/universomama\/#\/schema\/logo\/image\/\"},\"sameAs\":[\"https:\/\/www.facebook.com\/ViamedSantaAngelaCruz\/\",\"https:\/\/www.instagram.com\/viamedsantaangela\/?hl=es\"]},{\"@type\":\"Person\",\"@id\":\"https:\/\/www.viamedsalud.com\/universomama\/#\/schema\/person\/a21297049d4f0580db9576332e2bf809\",\"name\":\"viadmin\",\"image\":{\"@type\":\"ImageObject\",\"inLanguage\":\"es\",\"@id\":\"https:\/\/www.viamedsalud.com\/universomama\/#\/schema\/person\/image\/\",\"url\":\"https:\/\/secure.gravatar.com\/avatar\/2316a2edb69cee08cac220ed1a68eaab?s=96&d=mm&r=g\",\"contentUrl\":\"https:\/\/secure.gravatar.com\/avatar\/2316a2edb69cee08cac220ed1a68eaab?s=96&d=mm&r=g\",\"caption\":\"viadmin\"},\"sameAs\":[\"https:\/\/www.viamedsalud.com\/universomama\"],\"url\":\"https:\/\/www.viamedsalud.com\/universomama\/author\/viadmin\/\"}]}<\/script>\n<!-- \/ Yoast SEO plugin. -->","yoast_head_json":{"title":"Depresi\u00f3n posparto - Universo Mama","robots":{"index":"index","follow":"follow","max-snippet":"max-snippet:-1","max-image-preview":"max-image-preview:large","max-video-preview":"max-video-preview:-1"},"canonical":"https:\/\/www.viamedsalud.com\/universomama\/dar-a-luz\/posparto\/depresion-posparto\/","og_locale":"es_ES","og_type":"article","og_title":"Depresi\u00f3n posparto - Universo Mama","og_description":"La llegada de un beb\u00e9 es un momento lleno de emociones, pero tambi\u00e9n puede ser un desaf\u00edo f\u00edsico y emocional. Para algunas madres, este periodo trae consigo sentimientos intensos de tristeza, ansiedad y agotamiento que van m\u00e1s all\u00e1 de lo que se considera normal. Esto se conoce como depresi\u00f3n postparto, una condici\u00f3n que afecta a [&hellip;]","og_url":"https:\/\/www.viamedsalud.com\/universomama\/dar-a-luz\/posparto\/depresion-posparto\/","og_site_name":"Universo Mama","article_publisher":"https:\/\/www.facebook.com\/ViamedSantaAngelaCruz\/","article_published_time":"2025-03-12T11:03:40+00:00","article_modified_time":"2025-03-19T16:56:37+00:00","og_image":[{"width":2121,"height":1414,"url":"https:\/\/www.viamedsalud.com\/universomama\/wp-content\/uploads\/2025\/03\/depresion-posparto.jpg","type":"image\/jpeg"}],"author":"viadmin","twitter_card":"summary_large_image","twitter_misc":{"Escrito por":"viadmin","Tiempo de lectura":"4 minutos"},"schema":{"@context":"https:\/\/schema.org","@graph":[{"@type":"Article","@id":"https:\/\/www.viamedsalud.com\/universomama\/dar-a-luz\/posparto\/depresion-posparto\/#article","isPartOf":{"@id":"https:\/\/www.viamedsalud.com\/universomama\/dar-a-luz\/posparto\/depresion-posparto\/"},"author":{"name":"viadmin","@id":"https:\/\/www.viamedsalud.com\/universomama\/#\/schema\/person\/a21297049d4f0580db9576332e2bf809"},"headline":"Depresi\u00f3n posparto","datePublished":"2025-03-12T11:03:40+00:00","dateModified":"2025-03-19T16:56:37+00:00","mainEntityOfPage":{"@id":"https:\/\/www.viamedsalud.com\/universomama\/dar-a-luz\/posparto\/depresion-posparto\/"},"wordCount":861,"commentCount":0,"publisher":{"@id":"https:\/\/www.viamedsalud.com\/universomama\/#organization"},"image":{"@id":"https:\/\/www.viamedsalud.com\/universomama\/dar-a-luz\/posparto\/depresion-posparto\/#primaryimage"},"thumbnailUrl":"https:\/\/www.viamedsalud.com\/universomama\/wp-content\/uploads\/2025\/03\/depresion-posparto.jpg","articleSection":["Cuidados de la mam\u00e1","Dar a luz","Posparto","Reci\u00e9n nacido"],"inLanguage":"es","potentialAction":[{"@type":"CommentAction","name":"Comment","target":["https:\/\/www.viamedsalud.com\/universomama\/dar-a-luz\/posparto\/depresion-posparto\/#respond"]}]},{"@type":"WebPage","@id":"https:\/\/www.viamedsalud.com\/universomama\/dar-a-luz\/posparto\/depresion-posparto\/","url":"https:\/\/www.viamedsalud.com\/universomama\/dar-a-luz\/posparto\/depresion-posparto\/","name":"Depresi\u00f3n posparto - Universo Mama","isPartOf":{"@id":"https:\/\/www.viamedsalud.com\/universomama\/#website"},"primaryImageOfPage":{"@id":"https:\/\/www.viamedsalud.com\/universomama\/dar-a-luz\/posparto\/depresion-posparto\/#primaryimage"},"image":{"@id":"https:\/\/www.viamedsalud.com\/universomama\/dar-a-luz\/posparto\/depresion-posparto\/#primaryimage"},"thumbnailUrl":"https:\/\/www.viamedsalud.com\/universomama\/wp-content\/uploads\/2025\/03\/depresion-posparto.jpg","datePublished":"2025-03-12T11:03:40+00:00","dateModified":"2025-03-19T16:56:37+00:00","breadcrumb":{"@id":"https:\/\/www.viamedsalud.com\/universomama\/dar-a-luz\/posparto\/depresion-posparto\/#breadcrumb"},"inLanguage":"es","potentialAction":[{"@type":"ReadAction","target":["https:\/\/www.viamedsalud.com\/universomama\/dar-a-luz\/posparto\/depresion-posparto\/"]}]},{"@type":"ImageObject","inLanguage":"es","@id":"https:\/\/www.viamedsalud.com\/universomama\/dar-a-luz\/posparto\/depresion-posparto\/#primaryimage","url":"https:\/\/www.viamedsalud.com\/universomama\/wp-content\/uploads\/2025\/03\/depresion-posparto.jpg","contentUrl":"https:\/\/www.viamedsalud.com\/universomama\/wp-content\/uploads\/2025\/03\/depresion-posparto.jpg","width":2121,"height":1414},{"@type":"BreadcrumbList","@id":"https:\/\/www.viamedsalud.com\/universomama\/dar-a-luz\/posparto\/depresion-posparto\/#breadcrumb","itemListElement":[{"@type":"ListItem","position":1,"name":"Inicio","item":"https:\/\/www.viamedsalud.com\/universomama\/"},{"@type":"ListItem","position":2,"name":"Dar a luz","item":"https:\/\/www.viamedsalud.com\/universomama\/category\/dar-a-luz\/"},{"@type":"ListItem","position":3,"name":"Posparto","item":"https:\/\/www.viamedsalud.com\/universomama\/category\/dar-a-luz\/posparto\/"},{"@type":"ListItem","position":4,"name":"Depresi\u00f3n posparto"}]},{"@type":"WebSite","@id":"https:\/\/www.viamedsalud.com\/universomama\/#website","url":"https:\/\/www.viamedsalud.com\/universomama\/","name":"Universo Mama Viamed","description":"","publisher":{"@id":"https:\/\/www.viamedsalud.com\/universomama\/#organization"},"potentialAction":[{"@type":"SearchAction","target":{"@type":"EntryPoint","urlTemplate":"https:\/\/www.viamedsalud.com\/universomama\/?s={search_term_string}"},"query-input":{"@type":"PropertyValueSpecification","valueRequired":true,"valueName":"search_term_string"}}],"inLanguage":"es"},{"@type":"Organization","@id":"https:\/\/www.viamedsalud.com\/universomama\/#organization","name":"Universo Mama Viamed Salud","url":"https:\/\/www.viamedsalud.com\/universomama\/","logo":{"@type":"ImageObject","inLanguage":"es","@id":"https:\/\/www.viamedsalud.com\/universomama\/#\/schema\/logo\/image\/","url":"https:\/\/www.viamedsalud.com\/universomama\/wp-content\/uploads\/2024\/07\/cropped-logo-blanco.png","contentUrl":"https:\/\/www.viamedsalud.com\/universomama\/wp-content\/uploads\/2024\/07\/cropped-logo-blanco.png","width":437,"height":228,"caption":"Universo Mama Viamed Salud"},"image":{"@id":"https:\/\/www.viamedsalud.com\/universomama\/#\/schema\/logo\/image\/"},"sameAs":["https:\/\/www.facebook.com\/ViamedSantaAngelaCruz\/","https:\/\/www.instagram.com\/viamedsantaangela\/?hl=es"]},{"@type":"Person","@id":"https:\/\/www.viamedsalud.com\/universomama\/#\/schema\/person\/a21297049d4f0580db9576332e2bf809","name":"viadmin","image":{"@type":"ImageObject","inLanguage":"es","@id":"https:\/\/www.viamedsalud.com\/universomama\/#\/schema\/person\/image\/","url":"https:\/\/secure.gravatar.com\/avatar\/2316a2edb69cee08cac220ed1a68eaab?s=96&d=mm&r=g","contentUrl":"https:\/\/secure.gravatar.com\/avatar\/2316a2edb69cee08cac220ed1a68eaab?s=96&d=mm&r=g","caption":"viadmin"},"sameAs":["https:\/\/www.viamedsalud.com\/universomama"],"url":"https:\/\/www.viamedsalud.com\/universomama\/author\/viadmin\/"}]}},"_links":{"self":[{"href":"https:\/\/www.viamedsalud.com\/universomama\/wp-json\/wp\/v2\/posts\/4288","targetHints":{"allow":["GET"]}}],"collection":[{"href":"https:\/\/www.viamedsalud.com\/universomama\/wp-json\/wp\/v2\/posts"}],"about":[{"href":"https:\/\/www.viamedsalud.com\/universomama\/wp-json\/wp\/v2\/types\/post"}],"author":[{"embeddable":true,"href":"https:\/\/www.viamedsalud.com\/universomama\/wp-json\/wp\/v2\/users\/1"}],"replies":[{"embeddable":true,"href":"https:\/\/www.viamedsalud.com\/universomama\/wp-json\/wp\/v2\/comments?post=4288"}],"version-history":[{"count":1,"href":"https:\/\/www.viamedsalud.com\/universomama\/wp-json\/wp\/v2\/posts\/4288\/revisions"}],"predecessor-version":[{"id":4291,"href":"https:\/\/www.viamedsalud.com\/universomama\/wp-json\/wp\/v2\/posts\/4288\/revisions\/4291"}],"wp:featuredmedia":[{"embeddable":true,"href":"https:\/\/www.viamedsalud.com\/universomama\/wp-json\/wp\/v2\/media\/4290"}],"wp:attachment":[{"href":"https:\/\/www.viamedsalud.com\/universomama\/wp-json\/wp\/v2\/media?parent=4288"}],"wp:term":[{"taxonomy":"category","embeddable":true,"href":"https:\/\/www.viamedsalud.com\/universomama\/wp-json\/wp\/v2\/categories?post=4288"},{"taxonomy":"post_tag","embeddable":true,"href":"https:\/\/www.viamedsalud.com\/universomama\/wp-json\/wp\/v2\/tags?post=4288"}],"curies":[{"name":"wp","href":"https:\/\/api.w.org\/{rel}","templated":true}]}}