


{"id":7742,"date":"2025-10-21T14:30:32","date_gmt":"2025-10-21T14:30:32","guid":{"rendered":"https:\/\/www.viamedsalud.com\/ivoqa\/?p=7742"},"modified":"2025-10-21T14:41:08","modified_gmt":"2025-10-21T14:41:08","slug":"xvii-congreso-sociedad-portuguesa-cirugia-minimamente-invasiva","status":"publish","type":"post","link":"https:\/\/www.viamedsalud.com\/ivoqa\/actualidad\/xvii-congreso-sociedad-portuguesa-cirugia-minimamente-invasiva\/","title":{"rendered":"XVII Congreso de la Sociedad Portuguesa de Cirug\u00eda M\u00ednimamente Invasiva"},"content":{"rendered":"<h2 data-start=\"360\" data-end=\"633\"><strong>La Dra. Delia Cort\u00e9s Guiral participa como ponente en el XVII Congreso de la Sociedad Portuguesa de Cirug\u00eda M\u00ednimamente Invasiva<\/strong><\/h2>\n<p data-start=\"360\" data-end=\"633\">El pasado <strong data-start=\"370\" data-end=\"387\">17 de octubre<\/strong>, la <a href=\"https:\/\/www.viamedsalud.com\/ivoqa\/medicos\/dra-delia-cortes-guiral\/\"><strong data-start=\"392\" data-end=\"420\">Dra. Delia Cort\u00e9s Guiral<\/strong><\/a>, especialista en cirug\u00eda oncol\u00f3gica y miembro del equipo de <strong data-start=\"481\" data-end=\"490\">IVOQA<\/strong>, fue invitada como ponente al <a href=\"https:\/\/www.spcmin.pt\/congresso-2025\/\"><strong data-start=\"521\" data-end=\"605\">XVII Congreso de la Sociedad Portuguesa de Cirug\u00eda M\u00ednimamente Invasiva (SPCMIN)<\/strong><\/a>, celebrado en <strong data-start=\"620\" data-end=\"630\">Oporto<\/strong>.<\/p>\n<p data-start=\"635\" data-end=\"953\">Durante su intervenci\u00f3n, present\u00f3 la ponencia titulada <strong data-start=\"690\" data-end=\"792\">\u201cPrincipios oncol\u00f3gicos en la esofagectom\u00eda m\u00ednimamente invasiva, independientemente del abordaje\u201d<\/strong>, en la que realiz\u00f3 una <strong data-start=\"816\" data-end=\"921\">revisi\u00f3n exhaustiva de los criterios fundamentales que debe cumplir la cirug\u00eda oncol\u00f3gica del es\u00f3fago<\/strong> en los centros de referencia.<\/p>\n<p data-start=\"635\" data-end=\"953\"><img fetchpriority=\"high\" decoding=\"async\" class=\"aligncenter wp-image-7750 size-large\" src=\"https:\/\/www.viamedsalud.com\/ivoqa\/wp-content\/uploads\/2025\/10\/Delia-XVII-Congreso-de-la-Sociedad-Portuguesa-de-Cirugia-Minimamente-Invasiva-1024x723.jpg\" alt=\"\" width=\"800\" height=\"565\" srcset=\"https:\/\/www.viamedsalud.com\/ivoqa\/wp-content\/uploads\/2025\/10\/Delia-XVII-Congreso-de-la-Sociedad-Portuguesa-de-Cirugia-Minimamente-Invasiva-1024x723.jpg 1024w, https:\/\/www.viamedsalud.com\/ivoqa\/wp-content\/uploads\/2025\/10\/Delia-XVII-Congreso-de-la-Sociedad-Portuguesa-de-Cirugia-Minimamente-Invasiva-300x212.jpg 300w, https:\/\/www.viamedsalud.com\/ivoqa\/wp-content\/uploads\/2025\/10\/Delia-XVII-Congreso-de-la-Sociedad-Portuguesa-de-Cirugia-Minimamente-Invasiva-768x542.jpg 768w, https:\/\/www.viamedsalud.com\/ivoqa\/wp-content\/uploads\/2025\/10\/Delia-XVII-Congreso-de-la-Sociedad-Portuguesa-de-Cirugia-Minimamente-Invasiva.jpg 1388w\" sizes=\"(max-width: 800px) 100vw, 800px\" \/><\/p>\n<p data-start=\"955\" data-end=\"1196\">La Dra. Cort\u00e9s destac\u00f3 la <strong data-start=\"981\" data-end=\"1078\">relevancia de mantener los est\u00e1ndares oncol\u00f3gicos en los procedimientos m\u00ednimamente invasivos<\/strong>, reforzando el compromiso de <strong data-start=\"1108\" data-end=\"1117\">IVOQA<\/strong> con la <strong data-start=\"1125\" data-end=\"1193\">excelencia quir\u00fargica, la innovaci\u00f3n y la seguridad del paciente<\/strong>.<\/p>\n<p data-start=\"1198\" data-end=\"1386\">Su participaci\u00f3n consolida la <strong data-start=\"1228\" data-end=\"1287\">presencia de IVOQA en foros cient\u00edficos internacionales<\/strong> y el liderazgo de su equipo m\u00e9dico en el \u00e1mbito de la <strong data-start=\"1342\" data-end=\"1385\">cirug\u00eda oncol\u00f3gica m\u00ednimamente invasiva<\/strong>.<\/p>\n<p data-start=\"1198\" data-end=\"1386\">\n","protected":false},"excerpt":{"rendered":"<p>La Dra. Delia Cort\u00e9s Guiral participa como ponente en el XVII Congreso de la Sociedad Portuguesa de Cirug\u00eda M\u00ednimamente Invasiva El pasado 17 de octubre, la Dra. Delia Cort\u00e9s Guiral, especialista en cirug\u00eda oncol\u00f3gica y miembro del equipo de IVOQA, fue invitada como ponente al XVII Congreso de la Sociedad Portuguesa de Cirug\u00eda M\u00ednimamente Invasiva [&hellip;]<\/p>\n","protected":false},"author":1,"featured_media":7743,"comment_status":"open","ping_status":"open","sticky":false,"template":"","format":"standard","meta":{"footnotes":""},"categories":[59,22],"tags":[],"class_list":["post-7742","post","type-post","status-publish","format-standard","has-post-thumbnail","hentry","category-actividad-cientifica","category-actualidad"],"yoast_head":"<!-- This site is optimized with the Yoast SEO plugin v23.5 - https:\/\/yoast.com\/wordpress\/plugins\/seo\/ -->\n<title>XVII Congreso de la Sociedad Portuguesa de Cirug\u00eda M\u00ednimamente Invasiva - IVOQA<\/title>\n<meta name=\"robots\" content=\"index, follow, max-snippet:-1, max-image-preview:large, max-video-preview:-1\" \/>\n<link rel=\"canonical\" href=\"https:\/\/www.viamedsalud.com\/ivoqa\/actualidad\/xvii-congreso-sociedad-portuguesa-cirugia-minimamente-invasiva\/\" \/>\n<meta property=\"og:locale\" content=\"es_ES\" \/>\n<meta property=\"og:type\" content=\"article\" \/>\n<meta property=\"og:title\" content=\"XVII Congreso de la Sociedad Portuguesa de Cirug\u00eda M\u00ednimamente Invasiva - IVOQA\" \/>\n<meta property=\"og:description\" content=\"La Dra. Delia Cort\u00e9s Guiral participa como ponente en el XVII Congreso de la Sociedad Portuguesa de Cirug\u00eda M\u00ednimamente Invasiva El pasado 17 de octubre, la Dra. Delia Cort\u00e9s Guiral, especialista en cirug\u00eda oncol\u00f3gica y miembro del equipo de IVOQA, fue invitada como ponente al XVII Congreso de la Sociedad Portuguesa de Cirug\u00eda M\u00ednimamente Invasiva [&hellip;]\" \/>\n<meta property=\"og:url\" content=\"https:\/\/www.viamedsalud.com\/ivoqa\/actualidad\/xvii-congreso-sociedad-portuguesa-cirugia-minimamente-invasiva\/\" \/>\n<meta property=\"og:site_name\" content=\"IVOQA\" \/>\n<meta property=\"article:published_time\" content=\"2025-10-21T14:30:32+00:00\" \/>\n<meta property=\"article:modified_time\" content=\"2025-10-21T14:41:08+00:00\" \/>\n<meta property=\"og:image\" content=\"https:\/\/www.viamedsalud.com\/ivoqa\/wp-content\/uploads\/2025\/10\/XVII-Congreso-de-la-Sociedad-Portuguesa-de-Cirugia-Minimamente-Invasiva.jpg\" \/>\n\t<meta property=\"og:image:width\" content=\"966\" \/>\n\t<meta property=\"og:image:height\" content=\"352\" \/>\n\t<meta property=\"og:image:type\" content=\"image\/jpeg\" \/>\n<meta name=\"author\" content=\"viadmin\" \/>\n<meta name=\"twitter:card\" content=\"summary_large_image\" \/>\n<meta name=\"twitter:label1\" content=\"Escrito por\" \/>\n\t<meta name=\"twitter:data1\" content=\"viadmin\" \/>\n\t<meta name=\"twitter:label2\" content=\"Tiempo de lectura\" \/>\n\t<meta name=\"twitter:data2\" content=\"2 minutos\" \/>\n<script type=\"application\/ld+json\" class=\"yoast-schema-graph\">{\"@context\":\"https:\/\/schema.org\",\"@graph\":[{\"@type\":\"Article\",\"@id\":\"https:\/\/www.viamedsalud.com\/ivoqa\/actualidad\/xvii-congreso-sociedad-portuguesa-cirugia-minimamente-invasiva\/#article\",\"isPartOf\":{\"@id\":\"https:\/\/www.viamedsalud.com\/ivoqa\/actualidad\/xvii-congreso-sociedad-portuguesa-cirugia-minimamente-invasiva\/\"},\"author\":{\"name\":\"viadmin\",\"@id\":\"https:\/\/www.viamedsalud.com\/ivoqa\/#\/schema\/person\/4c39b59ca8db0f2e7fe6cf0323bd17d4\"},\"headline\":\"XVII Congreso de la Sociedad Portuguesa de Cirug\u00eda M\u00ednimamente Invasiva\",\"datePublished\":\"2025-10-21T14:30:32+00:00\",\"dateModified\":\"2025-10-21T14:41:08+00:00\",\"mainEntityOfPage\":{\"@id\":\"https:\/\/www.viamedsalud.com\/ivoqa\/actualidad\/xvii-congreso-sociedad-portuguesa-cirugia-minimamente-invasiva\/\"},\"wordCount\":198,\"commentCount\":0,\"publisher\":{\"@id\":\"https:\/\/www.viamedsalud.com\/ivoqa\/#organization\"},\"image\":{\"@id\":\"https:\/\/www.viamedsalud.com\/ivoqa\/actualidad\/xvii-congreso-sociedad-portuguesa-cirugia-minimamente-invasiva\/#primaryimage\"},\"thumbnailUrl\":\"https:\/\/www.viamedsalud.com\/ivoqa\/wp-content\/uploads\/2025\/10\/XVII-Congreso-de-la-Sociedad-Portuguesa-de-Cirugia-Minimamente-Invasiva.jpg\",\"articleSection\":[\"Actividad cient\u00edfica\",\"Actualidad\"],\"inLanguage\":\"es\",\"potentialAction\":[{\"@type\":\"CommentAction\",\"name\":\"Comment\",\"target\":[\"https:\/\/www.viamedsalud.com\/ivoqa\/actualidad\/xvii-congreso-sociedad-portuguesa-cirugia-minimamente-invasiva\/#respond\"]}]},{\"@type\":\"WebPage\",\"@id\":\"https:\/\/www.viamedsalud.com\/ivoqa\/actualidad\/xvii-congreso-sociedad-portuguesa-cirugia-minimamente-invasiva\/\",\"url\":\"https:\/\/www.viamedsalud.com\/ivoqa\/actualidad\/xvii-congreso-sociedad-portuguesa-cirugia-minimamente-invasiva\/\",\"name\":\"XVII Congreso de la Sociedad Portuguesa de Cirug\u00eda M\u00ednimamente Invasiva - IVOQA\",\"isPartOf\":{\"@id\":\"https:\/\/www.viamedsalud.com\/ivoqa\/#website\"},\"primaryImageOfPage\":{\"@id\":\"https:\/\/www.viamedsalud.com\/ivoqa\/actualidad\/xvii-congreso-sociedad-portuguesa-cirugia-minimamente-invasiva\/#primaryimage\"},\"image\":{\"@id\":\"https:\/\/www.viamedsalud.com\/ivoqa\/actualidad\/xvii-congreso-sociedad-portuguesa-cirugia-minimamente-invasiva\/#primaryimage\"},\"thumbnailUrl\":\"https:\/\/www.viamedsalud.com\/ivoqa\/wp-content\/uploads\/2025\/10\/XVII-Congreso-de-la-Sociedad-Portuguesa-de-Cirugia-Minimamente-Invasiva.jpg\",\"datePublished\":\"2025-10-21T14:30:32+00:00\",\"dateModified\":\"2025-10-21T14:41:08+00:00\",\"breadcrumb\":{\"@id\":\"https:\/\/www.viamedsalud.com\/ivoqa\/actualidad\/xvii-congreso-sociedad-portuguesa-cirugia-minimamente-invasiva\/#breadcrumb\"},\"inLanguage\":\"es\",\"potentialAction\":[{\"@type\":\"ReadAction\",\"target\":[\"https:\/\/www.viamedsalud.com\/ivoqa\/actualidad\/xvii-congreso-sociedad-portuguesa-cirugia-minimamente-invasiva\/\"]}]},{\"@type\":\"ImageObject\",\"inLanguage\":\"es\",\"@id\":\"https:\/\/www.viamedsalud.com\/ivoqa\/actualidad\/xvii-congreso-sociedad-portuguesa-cirugia-minimamente-invasiva\/#primaryimage\",\"url\":\"https:\/\/www.viamedsalud.com\/ivoqa\/wp-content\/uploads\/2025\/10\/XVII-Congreso-de-la-Sociedad-Portuguesa-de-Cirugia-Minimamente-Invasiva.jpg\",\"contentUrl\":\"https:\/\/www.viamedsalud.com\/ivoqa\/wp-content\/uploads\/2025\/10\/XVII-Congreso-de-la-Sociedad-Portuguesa-de-Cirugia-Minimamente-Invasiva.jpg\",\"width\":966,\"height\":352,\"caption\":\"Dra. Delia Cort\u00e9s Guiral en el XVII Congreso de la Sociedad Portuguesa de Cirug\u00eda M\u00ednimamente Invasiva en Oporto.\"},{\"@type\":\"BreadcrumbList\",\"@id\":\"https:\/\/www.viamedsalud.com\/ivoqa\/actualidad\/xvii-congreso-sociedad-portuguesa-cirugia-minimamente-invasiva\/#breadcrumb\",\"itemListElement\":[{\"@type\":\"ListItem\",\"position\":1,\"name\":\"IVOQA\",\"item\":\"https:\/\/www.viamedsalud.com\/ivoqa\/\"},{\"@type\":\"ListItem\",\"position\":2,\"name\":\"Actualidad\",\"item\":\"https:\/\/www.viamedsalud.com\/ivoqa\/actualidad\/\"},{\"@type\":\"ListItem\",\"position\":3,\"name\":\"XVII Congreso de la Sociedad Portuguesa de Cirug\u00eda M\u00ednimamente Invasiva\"}]},{\"@type\":\"WebSite\",\"@id\":\"https:\/\/www.viamedsalud.com\/ivoqa\/#website\",\"url\":\"https:\/\/www.viamedsalud.com\/ivoqa\/\",\"name\":\"IVOQA\",\"description\":\"\",\"publisher\":{\"@id\":\"https:\/\/www.viamedsalud.com\/ivoqa\/#organization\"},\"alternateName\":\"Instituto Viamed de Oncolog\u00eda Quir\u00fargica Avanzada\",\"potentialAction\":[{\"@type\":\"SearchAction\",\"target\":{\"@type\":\"EntryPoint\",\"urlTemplate\":\"https:\/\/www.viamedsalud.com\/ivoqa\/?s={search_term_string}\"},\"query-input\":{\"@type\":\"PropertyValueSpecification\",\"valueRequired\":true,\"valueName\":\"search_term_string\"}}],\"inLanguage\":\"es\"},{\"@type\":\"Organization\",\"@id\":\"https:\/\/www.viamedsalud.com\/ivoqa\/#organization\",\"name\":\"IVOQA\",\"url\":\"https:\/\/www.viamedsalud.com\/ivoqa\/\",\"logo\":{\"@type\":\"ImageObject\",\"inLanguage\":\"es\",\"@id\":\"https:\/\/www.viamedsalud.com\/ivoqa\/#\/schema\/logo\/image\/\",\"url\":\"https:\/\/www.viamedsalud.com\/ivoqa\/wp-content\/uploads\/2022\/09\/cropped-Recurso-3.png\",\"contentUrl\":\"https:\/\/www.viamedsalud.com\/ivoqa\/wp-content\/uploads\/2022\/09\/cropped-Recurso-3.png\",\"width\":896,\"height\":256,\"caption\":\"IVOQA\"},\"image\":{\"@id\":\"https:\/\/www.viamedsalud.com\/ivoqa\/#\/schema\/logo\/image\/\"}},{\"@type\":\"Person\",\"@id\":\"https:\/\/www.viamedsalud.com\/ivoqa\/#\/schema\/person\/4c39b59ca8db0f2e7fe6cf0323bd17d4\",\"name\":\"viadmin\",\"image\":{\"@type\":\"ImageObject\",\"inLanguage\":\"es\",\"@id\":\"https:\/\/www.viamedsalud.com\/ivoqa\/#\/schema\/person\/image\/\",\"url\":\"https:\/\/secure.gravatar.com\/avatar\/9e5891f6b35822e8ab3bdfe55007bffa?s=96&d=mm&r=g\",\"contentUrl\":\"https:\/\/secure.gravatar.com\/avatar\/9e5891f6b35822e8ab3bdfe55007bffa?s=96&d=mm&r=g\",\"caption\":\"viadmin\"},\"sameAs\":[\"https:\/\/www.viamedsalud.com\/ivoqa\"]}]}<\/script>\n<!-- \/ Yoast SEO plugin. -->","yoast_head_json":{"title":"XVII Congreso de la Sociedad Portuguesa de Cirug\u00eda M\u00ednimamente Invasiva - IVOQA","robots":{"index":"index","follow":"follow","max-snippet":"max-snippet:-1","max-image-preview":"max-image-preview:large","max-video-preview":"max-video-preview:-1"},"canonical":"https:\/\/www.viamedsalud.com\/ivoqa\/actualidad\/xvii-congreso-sociedad-portuguesa-cirugia-minimamente-invasiva\/","og_locale":"es_ES","og_type":"article","og_title":"XVII Congreso de la Sociedad Portuguesa de Cirug\u00eda M\u00ednimamente Invasiva - IVOQA","og_description":"La Dra. Delia Cort\u00e9s Guiral participa como ponente en el XVII Congreso de la Sociedad Portuguesa de Cirug\u00eda M\u00ednimamente Invasiva El pasado 17 de octubre, la Dra. Delia Cort\u00e9s Guiral, especialista en cirug\u00eda oncol\u00f3gica y miembro del equipo de IVOQA, fue invitada como ponente al XVII Congreso de la Sociedad Portuguesa de Cirug\u00eda M\u00ednimamente Invasiva [&hellip;]","og_url":"https:\/\/www.viamedsalud.com\/ivoqa\/actualidad\/xvii-congreso-sociedad-portuguesa-cirugia-minimamente-invasiva\/","og_site_name":"IVOQA","article_published_time":"2025-10-21T14:30:32+00:00","article_modified_time":"2025-10-21T14:41:08+00:00","og_image":[{"width":966,"height":352,"url":"https:\/\/www.viamedsalud.com\/ivoqa\/wp-content\/uploads\/2025\/10\/XVII-Congreso-de-la-Sociedad-Portuguesa-de-Cirugia-Minimamente-Invasiva.jpg","type":"image\/jpeg"}],"author":"viadmin","twitter_card":"summary_large_image","twitter_misc":{"Escrito por":"viadmin","Tiempo de lectura":"2 minutos"},"schema":{"@context":"https:\/\/schema.org","@graph":[{"@type":"Article","@id":"https:\/\/www.viamedsalud.com\/ivoqa\/actualidad\/xvii-congreso-sociedad-portuguesa-cirugia-minimamente-invasiva\/#article","isPartOf":{"@id":"https:\/\/www.viamedsalud.com\/ivoqa\/actualidad\/xvii-congreso-sociedad-portuguesa-cirugia-minimamente-invasiva\/"},"author":{"name":"viadmin","@id":"https:\/\/www.viamedsalud.com\/ivoqa\/#\/schema\/person\/4c39b59ca8db0f2e7fe6cf0323bd17d4"},"headline":"XVII Congreso de la Sociedad Portuguesa de Cirug\u00eda M\u00ednimamente Invasiva","datePublished":"2025-10-21T14:30:32+00:00","dateModified":"2025-10-21T14:41:08+00:00","mainEntityOfPage":{"@id":"https:\/\/www.viamedsalud.com\/ivoqa\/actualidad\/xvii-congreso-sociedad-portuguesa-cirugia-minimamente-invasiva\/"},"wordCount":198,"commentCount":0,"publisher":{"@id":"https:\/\/www.viamedsalud.com\/ivoqa\/#organization"},"image":{"@id":"https:\/\/www.viamedsalud.com\/ivoqa\/actualidad\/xvii-congreso-sociedad-portuguesa-cirugia-minimamente-invasiva\/#primaryimage"},"thumbnailUrl":"https:\/\/www.viamedsalud.com\/ivoqa\/wp-content\/uploads\/2025\/10\/XVII-Congreso-de-la-Sociedad-Portuguesa-de-Cirugia-Minimamente-Invasiva.jpg","articleSection":["Actividad cient\u00edfica","Actualidad"],"inLanguage":"es","potentialAction":[{"@type":"CommentAction","name":"Comment","target":["https:\/\/www.viamedsalud.com\/ivoqa\/actualidad\/xvii-congreso-sociedad-portuguesa-cirugia-minimamente-invasiva\/#respond"]}]},{"@type":"WebPage","@id":"https:\/\/www.viamedsalud.com\/ivoqa\/actualidad\/xvii-congreso-sociedad-portuguesa-cirugia-minimamente-invasiva\/","url":"https:\/\/www.viamedsalud.com\/ivoqa\/actualidad\/xvii-congreso-sociedad-portuguesa-cirugia-minimamente-invasiva\/","name":"XVII Congreso de la Sociedad Portuguesa de Cirug\u00eda M\u00ednimamente Invasiva - IVOQA","isPartOf":{"@id":"https:\/\/www.viamedsalud.com\/ivoqa\/#website"},"primaryImageOfPage":{"@id":"https:\/\/www.viamedsalud.com\/ivoqa\/actualidad\/xvii-congreso-sociedad-portuguesa-cirugia-minimamente-invasiva\/#primaryimage"},"image":{"@id":"https:\/\/www.viamedsalud.com\/ivoqa\/actualidad\/xvii-congreso-sociedad-portuguesa-cirugia-minimamente-invasiva\/#primaryimage"},"thumbnailUrl":"https:\/\/www.viamedsalud.com\/ivoqa\/wp-content\/uploads\/2025\/10\/XVII-Congreso-de-la-Sociedad-Portuguesa-de-Cirugia-Minimamente-Invasiva.jpg","datePublished":"2025-10-21T14:30:32+00:00","dateModified":"2025-10-21T14:41:08+00:00","breadcrumb":{"@id":"https:\/\/www.viamedsalud.com\/ivoqa\/actualidad\/xvii-congreso-sociedad-portuguesa-cirugia-minimamente-invasiva\/#breadcrumb"},"inLanguage":"es","potentialAction":[{"@type":"ReadAction","target":["https:\/\/www.viamedsalud.com\/ivoqa\/actualidad\/xvii-congreso-sociedad-portuguesa-cirugia-minimamente-invasiva\/"]}]},{"@type":"ImageObject","inLanguage":"es","@id":"https:\/\/www.viamedsalud.com\/ivoqa\/actualidad\/xvii-congreso-sociedad-portuguesa-cirugia-minimamente-invasiva\/#primaryimage","url":"https:\/\/www.viamedsalud.com\/ivoqa\/wp-content\/uploads\/2025\/10\/XVII-Congreso-de-la-Sociedad-Portuguesa-de-Cirugia-Minimamente-Invasiva.jpg","contentUrl":"https:\/\/www.viamedsalud.com\/ivoqa\/wp-content\/uploads\/2025\/10\/XVII-Congreso-de-la-Sociedad-Portuguesa-de-Cirugia-Minimamente-Invasiva.jpg","width":966,"height":352,"caption":"Dra. Delia Cort\u00e9s Guiral en el XVII Congreso de la Sociedad Portuguesa de Cirug\u00eda M\u00ednimamente Invasiva en Oporto."},{"@type":"BreadcrumbList","@id":"https:\/\/www.viamedsalud.com\/ivoqa\/actualidad\/xvii-congreso-sociedad-portuguesa-cirugia-minimamente-invasiva\/#breadcrumb","itemListElement":[{"@type":"ListItem","position":1,"name":"IVOQA","item":"https:\/\/www.viamedsalud.com\/ivoqa\/"},{"@type":"ListItem","position":2,"name":"Actualidad","item":"https:\/\/www.viamedsalud.com\/ivoqa\/actualidad\/"},{"@type":"ListItem","position":3,"name":"XVII Congreso de la Sociedad Portuguesa de Cirug\u00eda M\u00ednimamente Invasiva"}]},{"@type":"WebSite","@id":"https:\/\/www.viamedsalud.com\/ivoqa\/#website","url":"https:\/\/www.viamedsalud.com\/ivoqa\/","name":"IVOQA","description":"","publisher":{"@id":"https:\/\/www.viamedsalud.com\/ivoqa\/#organization"},"alternateName":"Instituto Viamed de Oncolog\u00eda Quir\u00fargica Avanzada","potentialAction":[{"@type":"SearchAction","target":{"@type":"EntryPoint","urlTemplate":"https:\/\/www.viamedsalud.com\/ivoqa\/?s={search_term_string}"},"query-input":{"@type":"PropertyValueSpecification","valueRequired":true,"valueName":"search_term_string"}}],"inLanguage":"es"},{"@type":"Organization","@id":"https:\/\/www.viamedsalud.com\/ivoqa\/#organization","name":"IVOQA","url":"https:\/\/www.viamedsalud.com\/ivoqa\/","logo":{"@type":"ImageObject","inLanguage":"es","@id":"https:\/\/www.viamedsalud.com\/ivoqa\/#\/schema\/logo\/image\/","url":"https:\/\/www.viamedsalud.com\/ivoqa\/wp-content\/uploads\/2022\/09\/cropped-Recurso-3.png","contentUrl":"https:\/\/www.viamedsalud.com\/ivoqa\/wp-content\/uploads\/2022\/09\/cropped-Recurso-3.png","width":896,"height":256,"caption":"IVOQA"},"image":{"@id":"https:\/\/www.viamedsalud.com\/ivoqa\/#\/schema\/logo\/image\/"}},{"@type":"Person","@id":"https:\/\/www.viamedsalud.com\/ivoqa\/#\/schema\/person\/4c39b59ca8db0f2e7fe6cf0323bd17d4","name":"viadmin","image":{"@type":"ImageObject","inLanguage":"es","@id":"https:\/\/www.viamedsalud.com\/ivoqa\/#\/schema\/person\/image\/","url":"https:\/\/secure.gravatar.com\/avatar\/9e5891f6b35822e8ab3bdfe55007bffa?s=96&d=mm&r=g","contentUrl":"https:\/\/secure.gravatar.com\/avatar\/9e5891f6b35822e8ab3bdfe55007bffa?s=96&d=mm&r=g","caption":"viadmin"},"sameAs":["https:\/\/www.viamedsalud.com\/ivoqa"]}]}},"_links":{"self":[{"href":"https:\/\/www.viamedsalud.com\/ivoqa\/wp-json\/wp\/v2\/posts\/7742"}],"collection":[{"href":"https:\/\/www.viamedsalud.com\/ivoqa\/wp-json\/wp\/v2\/posts"}],"about":[{"href":"https:\/\/www.viamedsalud.com\/ivoqa\/wp-json\/wp\/v2\/types\/post"}],"author":[{"embeddable":true,"href":"https:\/\/www.viamedsalud.com\/ivoqa\/wp-json\/wp\/v2\/users\/1"}],"replies":[{"embeddable":true,"href":"https:\/\/www.viamedsalud.com\/ivoqa\/wp-json\/wp\/v2\/comments?post=7742"}],"version-history":[{"count":5,"href":"https:\/\/www.viamedsalud.com\/ivoqa\/wp-json\/wp\/v2\/posts\/7742\/revisions"}],"predecessor-version":[{"id":7754,"href":"https:\/\/www.viamedsalud.com\/ivoqa\/wp-json\/wp\/v2\/posts\/7742\/revisions\/7754"}],"wp:featuredmedia":[{"embeddable":true,"href":"https:\/\/www.viamedsalud.com\/ivoqa\/wp-json\/wp\/v2\/media\/7743"}],"wp:attachment":[{"href":"https:\/\/www.viamedsalud.com\/ivoqa\/wp-json\/wp\/v2\/media?parent=7742"}],"wp:term":[{"taxonomy":"category","embeddable":true,"href":"https:\/\/www.viamedsalud.com\/ivoqa\/wp-json\/wp\/v2\/categories?post=7742"},{"taxonomy":"post_tag","embeddable":true,"href":"https:\/\/www.viamedsalud.com\/ivoqa\/wp-json\/wp\/v2\/tags?post=7742"}],"curies":[{"name":"wp","href":"https:\/\/api.w.org\/{rel}","templated":true}]}}